{"id":1435,"count":0,"description":"H\u00e4ndelser som Covid-19-pandemin och Rysslands anfallskrig mot Ukraina \u2013 men \u00e4ven de p\u00e5g\u00e5ende klimatf\u00f6r\u00e4ndringarna \u2013 har aktualiserat fr\u00e5gor om v\u00e5rt samh\u00e4lles motst\u00e5ndskraft. LO Merv\u00e4rde har i samarbetet med LO, arbetat fram denna beredskapsl\u00e5da. I detta arbete har vi fokuserat p\u00e5 att kunna vara behj\u00e4lpliga att \u00f6ka beredskapen men ocks\u00e5 att f\u00e5 till ett f\u00f6rdelaktigt pris p\u00e5 inneh\u00e5llet. \r\nAtt se \u00f6ver sin egen hemberedskap \u2013 till exempel med Folkl\u00e5dan och Beredskapsmat \u2013 \u00e4r ett utm\u00e4rkt f\u00f6rsta steg. \r\n","link":"https:\/\/lomervarde.se\/sef\/varumarke\/beredskapsmat\/","name":"Beredskapsmat","slug":"beredskapsmat","taxonomy":"brand","parent":0,"meta":[],"acf":[],"yoast_head":"<!-- This site is optimized with the Yoast SEO plugin v27.5 - https:\/\/yoast.com\/product\/yoast-seo-wordpress\/ -->\n<title>Beredskapsmat-arkiv - Elektrikerna<\/title>\n<meta name=\"robots\" content=\"index, follow, max-snippet:-1, max-image-preview:large, max-video-preview:-1\" \/>\n<link rel=\"canonical\" href=\"https:\/\/lomervarde.se\/sef\/varumarke\/beredskapsmat\/\" \/>\n<meta property=\"og:locale\" content=\"sv_SE\" \/>\n<meta property=\"og:type\" content=\"article\" \/>\n<meta property=\"og:title\" content=\"Beredskapsmat-arkiv - Elektrikerna\" \/>\n<meta property=\"og:description\" content=\"H\u00e4ndelser som Covid-19-pandemin och Rysslands anfallskrig mot Ukraina \u2013 men \u00e4ven de p\u00e5g\u00e5ende klimatf\u00f6r\u00e4ndringarna \u2013 har aktualiserat fr\u00e5gor om v\u00e5rt samh\u00e4lles motst\u00e5ndskraft. LO Merv\u00e4rde har i samarbetet med LO, arbetat fram denna beredskapsl\u00e5da. I detta arbete har vi fokuserat p\u00e5 att kunna vara behj\u00e4lpliga att \u00f6ka beredskapen men ocks\u00e5 att f\u00e5 till ett f\u00f6rdelaktigt pris p\u00e5 inneh\u00e5llet. Att se \u00f6ver sin egen hemberedskap \u2013 till exempel med Folkl\u00e5dan och Beredskapsmat \u2013 \u00e4r ett utm\u00e4rkt f\u00f6rsta steg.\" \/>\n<meta property=\"og:url\" content=\"https:\/\/lomervarde.se\/sef\/varumarke\/beredskapsmat\/\" \/>\n<meta property=\"og:site_name\" content=\"Elektrikerna\" \/>\n<meta name=\"twitter:card\" content=\"summary_large_image\" \/>\n<script type=\"application\/ld+json\" class=\"yoast-schema-graph\">{\"@context\":\"https:\\\/\\\/schema.org\",\"@graph\":[{\"@type\":\"CollectionPage\",\"@id\":\"https:\\\/\\\/lomervarde.se\\\/sef\\\/varumarke\\\/beredskapsmat\\\/\",\"url\":\"https:\\\/\\\/lomervarde.se\\\/sef\\\/varumarke\\\/beredskapsmat\\\/\",\"name\":\"Beredskapsmat-arkiv - Elektrikerna\",\"isPartOf\":{\"@id\":\"https:\\\/\\\/lomervarde.se\\\/sef\\\/#website\"},\"inLanguage\":\"sv-SE\"},{\"@type\":\"WebSite\",\"@id\":\"https:\\\/\\\/lomervarde.se\\\/sef\\\/#website\",\"url\":\"https:\\\/\\\/lomervarde.se\\\/sef\\\/\",\"name\":\"Elektrikerna\",\"description\":\"LO Merv\u00e4rde - f\u00f6rm\u00e5ner och erbjudanden f\u00f6r oss tillsammans\",\"potentialAction\":[{\"@type\":\"SearchAction\",\"target\":{\"@type\":\"EntryPoint\",\"urlTemplate\":\"https:\\\/\\\/lomervarde.se\\\/sef\\\/?s={search_term_string}\"},\"query-input\":{\"@type\":\"PropertyValueSpecification\",\"valueRequired\":true,\"valueName\":\"search_term_string\"}}],\"inLanguage\":\"sv-SE\"}]}<\/script>\n<!-- \/ Yoast SEO plugin. -->","yoast_head_json":{"title":"Beredskapsmat-arkiv - Elektrikerna","robots":{"index":"index","follow":"follow","max-snippet":"max-snippet:-1","max-image-preview":"max-image-preview:large","max-video-preview":"max-video-preview:-1"},"canonical":"https:\/\/lomervarde.se\/sef\/varumarke\/beredskapsmat\/","og_locale":"sv_SE","og_type":"article","og_title":"Beredskapsmat-arkiv - Elektrikerna","og_description":"H\u00e4ndelser som Covid-19-pandemin och Rysslands anfallskrig mot Ukraina \u2013 men \u00e4ven de p\u00e5g\u00e5ende klimatf\u00f6r\u00e4ndringarna \u2013 har aktualiserat fr\u00e5gor om v\u00e5rt samh\u00e4lles motst\u00e5ndskraft. LO Merv\u00e4rde har i samarbetet med LO, arbetat fram denna beredskapsl\u00e5da. I detta arbete har vi fokuserat p\u00e5 att kunna vara behj\u00e4lpliga att \u00f6ka beredskapen men ocks\u00e5 att f\u00e5 till ett f\u00f6rdelaktigt pris p\u00e5 inneh\u00e5llet. Att se \u00f6ver sin egen hemberedskap \u2013 till exempel med Folkl\u00e5dan och Beredskapsmat \u2013 \u00e4r ett utm\u00e4rkt f\u00f6rsta steg.","og_url":"https:\/\/lomervarde.se\/sef\/varumarke\/beredskapsmat\/","og_site_name":"Elektrikerna","twitter_card":"summary_large_image","schema":{"@context":"https:\/\/schema.org","@graph":[{"@type":"CollectionPage","@id":"https:\/\/lomervarde.se\/sef\/varumarke\/beredskapsmat\/","url":"https:\/\/lomervarde.se\/sef\/varumarke\/beredskapsmat\/","name":"Beredskapsmat-arkiv - Elektrikerna","isPartOf":{"@id":"https:\/\/lomervarde.se\/sef\/#website"},"inLanguage":"sv-SE"},{"@type":"WebSite","@id":"https:\/\/lomervarde.se\/sef\/#website","url":"https:\/\/lomervarde.se\/sef\/","name":"Elektrikerna","description":"LO Merv\u00e4rde - f\u00f6rm\u00e5ner och erbjudanden f\u00f6r oss tillsammans","potentialAction":[{"@type":"SearchAction","target":{"@type":"EntryPoint","urlTemplate":"https:\/\/lomervarde.se\/sef\/?s={search_term_string}"},"query-input":{"@type":"PropertyValueSpecification","valueRequired":true,"valueName":"search_term_string"}}],"inLanguage":"sv-SE"}]}},"_links":{"self":[{"href":"https:\/\/lomervarde.se\/sef\/wp-json\/wp\/v2\/brand\/1435","targetHints":{"allow":["GET"]}}],"collection":[{"href":"https:\/\/lomervarde.se\/sef\/wp-json\/wp\/v2\/brand"}],"about":[{"href":"https:\/\/lomervarde.se\/sef\/wp-json\/wp\/v2\/taxonomies\/brand"}],"wp:post_type":[{"href":"https:\/\/lomervarde.se\/sef\/wp-json\/wp\/v2\/erbjudande?brand=1435"},{"href":"https:\/\/lomervarde.se\/sef\/wp-json\/wp\/v2\/month_offer?brand=1435"}],"curies":[{"name":"wp","href":"https:\/\/api.w.org\/{rel}","templated":true}]}}