{"id":555,"count":1,"description":"Fackf\u00f6rbundet Elektrikerna organiserar Sveriges elektriker och \u00e4r deras samlade r\u00f6st i samh\u00e4llsdebatten. Tillsammans k\u00e4mpar vi f\u00f6r h\u00f6gre l\u00f6n, b\u00e4ttre arbetsvillkor och trygga jobb. Elektrikerna organiserar cirka 24 000 medlemmar inom omr\u00e5dena elinstallation och distribution, privata kraftverk, energiinstallation s\u00e5som sol- och vindkraft, hiss och rulltrappor, larm och s\u00e4kerhet, data och elektronik, radio- och TV-teknik samt n\u00e4tverk och telefoni. Elektrikerna \u00e4r facket med kraft!","link":"https:\/\/lomervarde.se\/sef\/varumarke\/elektrikerna\/","name":"Elektrikerna","slug":"elektrikerna","taxonomy":"brand","parent":0,"meta":[],"acf":[],"yoast_head":"<!-- This site is optimized with the Yoast SEO plugin v27.5 - https:\/\/yoast.com\/product\/yoast-seo-wordpress\/ -->\n<title>Elektrikerna-arkiv - Elektrikerna<\/title>\n<meta name=\"robots\" content=\"index, follow, max-snippet:-1, max-image-preview:large, max-video-preview:-1\" \/>\n<link rel=\"canonical\" href=\"https:\/\/lomervarde.se\/sef\/varumarke\/elektrikerna\/\" \/>\n<meta property=\"og:locale\" content=\"sv_SE\" \/>\n<meta property=\"og:type\" content=\"article\" \/>\n<meta property=\"og:title\" content=\"Elektrikerna-arkiv - Elektrikerna\" \/>\n<meta property=\"og:description\" content=\"Fackf\u00f6rbundet Elektrikerna organiserar Sveriges elektriker och \u00e4r deras samlade r\u00f6st i samh\u00e4llsdebatten. Tillsammans k\u00e4mpar vi f\u00f6r h\u00f6gre l\u00f6n, b\u00e4ttre arbetsvillkor och trygga jobb. Elektrikerna organiserar cirka 24 000 medlemmar inom omr\u00e5dena elinstallation och distribution, privata kraftverk, energiinstallation s\u00e5som sol- och vindkraft, hiss och rulltrappor, larm och s\u00e4kerhet, data och elektronik, radio- och TV-teknik samt n\u00e4tverk och telefoni. Elektrikerna \u00e4r facket med kraft!\" \/>\n<meta property=\"og:url\" content=\"https:\/\/lomervarde.se\/sef\/varumarke\/elektrikerna\/\" \/>\n<meta property=\"og:site_name\" content=\"Elektrikerna\" \/>\n<meta name=\"twitter:card\" content=\"summary_large_image\" \/>\n<script type=\"application\/ld+json\" class=\"yoast-schema-graph\">{\"@context\":\"https:\\\/\\\/schema.org\",\"@graph\":[{\"@type\":\"CollectionPage\",\"@id\":\"https:\\\/\\\/lomervarde.se\\\/sef\\\/varumarke\\\/elektrikerna\\\/\",\"url\":\"https:\\\/\\\/lomervarde.se\\\/sef\\\/varumarke\\\/elektrikerna\\\/\",\"name\":\"Elektrikerna-arkiv - Elektrikerna\",\"isPartOf\":{\"@id\":\"https:\\\/\\\/lomervarde.se\\\/sef\\\/#website\"},\"inLanguage\":\"sv-SE\"},{\"@type\":\"WebSite\",\"@id\":\"https:\\\/\\\/lomervarde.se\\\/sef\\\/#website\",\"url\":\"https:\\\/\\\/lomervarde.se\\\/sef\\\/\",\"name\":\"Elektrikerna\",\"description\":\"LO Merv\u00e4rde - f\u00f6rm\u00e5ner och erbjudanden f\u00f6r oss tillsammans\",\"potentialAction\":[{\"@type\":\"SearchAction\",\"target\":{\"@type\":\"EntryPoint\",\"urlTemplate\":\"https:\\\/\\\/lomervarde.se\\\/sef\\\/?s={search_term_string}\"},\"query-input\":{\"@type\":\"PropertyValueSpecification\",\"valueRequired\":true,\"valueName\":\"search_term_string\"}}],\"inLanguage\":\"sv-SE\"}]}<\/script>\n<!-- \/ Yoast SEO plugin. -->","yoast_head_json":{"title":"Elektrikerna-arkiv - Elektrikerna","robots":{"index":"index","follow":"follow","max-snippet":"max-snippet:-1","max-image-preview":"max-image-preview:large","max-video-preview":"max-video-preview:-1"},"canonical":"https:\/\/lomervarde.se\/sef\/varumarke\/elektrikerna\/","og_locale":"sv_SE","og_type":"article","og_title":"Elektrikerna-arkiv - Elektrikerna","og_description":"Fackf\u00f6rbundet Elektrikerna organiserar Sveriges elektriker och \u00e4r deras samlade r\u00f6st i samh\u00e4llsdebatten. Tillsammans k\u00e4mpar vi f\u00f6r h\u00f6gre l\u00f6n, b\u00e4ttre arbetsvillkor och trygga jobb. Elektrikerna organiserar cirka 24 000 medlemmar inom omr\u00e5dena elinstallation och distribution, privata kraftverk, energiinstallation s\u00e5som sol- och vindkraft, hiss och rulltrappor, larm och s\u00e4kerhet, data och elektronik, radio- och TV-teknik samt n\u00e4tverk och telefoni. Elektrikerna \u00e4r facket med kraft!","og_url":"https:\/\/lomervarde.se\/sef\/varumarke\/elektrikerna\/","og_site_name":"Elektrikerna","twitter_card":"summary_large_image","schema":{"@context":"https:\/\/schema.org","@graph":[{"@type":"CollectionPage","@id":"https:\/\/lomervarde.se\/sef\/varumarke\/elektrikerna\/","url":"https:\/\/lomervarde.se\/sef\/varumarke\/elektrikerna\/","name":"Elektrikerna-arkiv - Elektrikerna","isPartOf":{"@id":"https:\/\/lomervarde.se\/sef\/#website"},"inLanguage":"sv-SE"},{"@type":"WebSite","@id":"https:\/\/lomervarde.se\/sef\/#website","url":"https:\/\/lomervarde.se\/sef\/","name":"Elektrikerna","description":"LO Merv\u00e4rde - f\u00f6rm\u00e5ner och erbjudanden f\u00f6r oss tillsammans","potentialAction":[{"@type":"SearchAction","target":{"@type":"EntryPoint","urlTemplate":"https:\/\/lomervarde.se\/sef\/?s={search_term_string}"},"query-input":{"@type":"PropertyValueSpecification","valueRequired":true,"valueName":"search_term_string"}}],"inLanguage":"sv-SE"}]}},"_links":{"self":[{"href":"https:\/\/lomervarde.se\/sef\/wp-json\/wp\/v2\/brand\/555","targetHints":{"allow":["GET"]}}],"collection":[{"href":"https:\/\/lomervarde.se\/sef\/wp-json\/wp\/v2\/brand"}],"about":[{"href":"https:\/\/lomervarde.se\/sef\/wp-json\/wp\/v2\/taxonomies\/brand"}],"wp:post_type":[{"href":"https:\/\/lomervarde.se\/sef\/wp-json\/wp\/v2\/erbjudande?brand=555"},{"href":"https:\/\/lomervarde.se\/sef\/wp-json\/wp\/v2\/month_offer?brand=555"}],"curies":[{"name":"wp","href":"https:\/\/api.w.org\/{rel}","templated":true}]}}